{"id":515,"date":"2006-12-01T21:20:42","date_gmt":"2006-12-01T21:20:42","guid":{"rendered":"http:\/\/www.wrv-laufsport.de\/projects\/wordpress\/?p=515"},"modified":"2010-11-05T21:22:14","modified_gmt":"2010-11-05T21:22:14","slug":"adventscrosslauf","status":"publish","type":"post","link":"http:\/\/www.wrv-rudern.de\/?p=515","title":{"rendered":"Adventscrosslauf"},"content":{"rendered":"<p><strong>Adventscrosslauf am Klemmberg im Dezember 2006<\/strong><\/p>\n<p>Bereits zum 6. Mal f\u00fchrte die Firma Zweirad Riese diesen Lauf durch.  Erstmals waren auch 19 Sportler des Rudervereins dabei. Vor allem auf  der Distanz von 2,7 km konnten die Ruderer \u00fcberzeugen. Theresa K\u00fchn  gewann hier vor Jasdin Deubel und Madlen Landmann im weiblichen Bereich.  Tom Ludwig belegte bei den Jungs Platz 2. \u00dcber 5,4 km konnten Jan  Scharf, Hannes J\u00e4nicke, Georg Wahren und Ronny Bischoff ins Mittelfeld  laufen.<\/p>\n<p><strong>Ergebnisse<\/strong><\/p>\n<table border=\"0\" cellspacing=\"0\" cellpadding=\"5\" width=\"600\">\n<tbody>\n<tr bgcolor=\"#2b90bc\">\n<td align=\"center\"><span style=\"color: white;\"><strong>Platz<\/strong><\/span><\/td>\n<td width=\"250\"><span style=\"color: white;\"><strong>Name<\/strong><\/span><\/td>\n<td align=\"center\"><span style=\"color: white;\"><strong>Laufzeit<\/strong><\/span><\/td>\n<\/tr>\n<tr bgcolor=\"#ffffff\">\n<td colspan=\"3\" height=\"1px\" align=\"center\"><\/td>\n<\/tr>\n<tr height=\"5\" bgcolor=\"#2b90bc\">\n<td colspan=\"3\" align=\"center\">2,7  km (w)<\/td>\n<\/tr>\n<tr bgcolor=\"#fbfeff\">\n<td align=\"center\">SIEGER<\/td>\n<td>Theresa K\u00fchn<\/td>\n<td align=\"center\">14:04<\/td>\n<\/tr>\n<tr bgcolor=\"#eef8fc\">\n<td align=\"center\">2.<\/td>\n<td>Jasdin Deubel<\/td>\n<td align=\"center\">15:22<\/td>\n<\/tr>\n<tr bgcolor=\"#fbfeff\">\n<td align=\"center\">3.<\/td>\n<td>Madlen Landmann<\/td>\n<td align=\"center\">18:10<\/td>\n<\/tr>\n<tr bgcolor=\"#eef8fc\">\n<td align=\"center\">4.<\/td>\n<td>Emmely Helmschrodt<\/td>\n<td align=\"center\">22:33<\/td>\n<\/tr>\n<tr bgcolor=\"#fbfeff\">\n<td align=\"center\">5.<\/td>\n<td>Jennifer L\u00f6bnitz<\/td>\n<td align=\"center\">22:36<\/td>\n<\/tr>\n<tr bgcolor=\"#eef8fc\">\n<td align=\"center\">6.<\/td>\n<td>Lena Janovski<\/td>\n<td align=\"center\">22:40<\/td>\n<\/tr>\n<p><!--                  ---><\/p>\n<tr height=\"5\" bgcolor=\"#2b90bc\">\n<td colspan=\"3\" align=\"center\">2,7  km (m)<\/td>\n<\/tr>\n<tr bgcolor=\"#fbfeff\">\n<td align=\"center\">2.<\/td>\n<td>Tom Ludwig<\/td>\n<td align=\"center\">15:20<\/td>\n<\/tr>\n<p><!--                  ---><\/p>\n<tr height=\"5\" bgcolor=\"#2b90bc\">\n<td colspan=\"3\" align=\"center\">5,4  km (w)<\/td>\n<\/tr>\n<tr bgcolor=\"#eef8fc\">\n<td align=\"center\">2.<\/td>\n<td>Friederike Walch<\/td>\n<td align=\"center\">27:09<\/td>\n<\/tr>\n<p><!--                  ---><\/p>\n<tr height=\"5\" bgcolor=\"#2b90bc\">\n<td colspan=\"3\" align=\"center\">5,4  km (m)<\/td>\n<\/tr>\n<tr bgcolor=\"#fbfeff\">\n<td align=\"center\">12.<\/td>\n<td>Jan Scharf<\/td>\n<td align=\"center\">24:15<\/td>\n<\/tr>\n<tr bgcolor=\"#eef8fc\">\n<td align=\"center\">16.<\/td>\n<td>Hannes J\u00e4nicke<\/td>\n<td align=\"center\">25:04<\/td>\n<\/tr>\n<tr bgcolor=\"#fbfeff\">\n<td align=\"center\">18.<\/td>\n<td>Georg Wahren<\/td>\n<td align=\"center\">25:14<\/td>\n<\/tr>\n<tr bgcolor=\"#eef8fc\">\n<td align=\"center\">19.<\/td>\n<td>Ronny Bischoff<\/td>\n<td align=\"center\">25:21<\/td>\n<\/tr>\n<tr bgcolor=\"#fbfeff\">\n<td align=\"center\">20.<\/td>\n<td>Robert Dahlitz<\/td>\n<td align=\"center\">25:25<\/td>\n<\/tr>\n<tr bgcolor=\"#eef8fc\">\n<td align=\"center\">27.<\/td>\n<td>Nils Koschitzki<\/td>\n<td align=\"center\">27:14<\/td>\n<\/tr>\n<tr bgcolor=\"#fbfeff\">\n<td align=\"center\">29.<\/td>\n<td>Martin Gro\u00dfmann<\/td>\n<td align=\"center\">27:25<\/td>\n<\/tr>\n<tr bgcolor=\"#eef8fc\">\n<td align=\"center\">31.<\/td>\n<td>Ralf Warzecha<\/td>\n<td align=\"center\">28:41<\/td>\n<\/tr>\n<tr bgcolor=\"#fbfeff\">\n<td align=\"center\">32.<\/td>\n<td>Marko Riediger<\/td>\n<td align=\"center\">28:48<\/td>\n<\/tr>\n<tr bgcolor=\"#eef8fc\">\n<td align=\"center\">35.<\/td>\n<td>Thomas Hase<\/td>\n<td align=\"center\">39:06<\/td>\n<\/tr>\n<\/tbody>\n<\/table>\n<p><span style=\"font-size: xx-small;\">(Agnes Zimmer)<\/span><\/p>\n","protected":false},"excerpt":{"rendered":"<p>Adventscrosslauf am Klemmberg im Dezember 2006 Bereits zum 6. Mal f\u00fchrte die Firma Zweirad Riese diesen Lauf durch. Erstmals waren auch 19 Sportler des Rudervereins dabei. Vor allem auf der Distanz von 2,7 km konnten die Ruderer \u00fcberzeugen. Theresa K\u00fchn gewann hier vor Jasdin Deubel und Madlen Landmann im weiblichen Bereich. Tom Ludwig belegte bei [&hellip;]<\/p>\n","protected":false},"author":11,"featured_media":0,"comment_status":"open","ping_status":"open","sticky":false,"template":"","format":"standard","meta":{"ngg_post_thumbnail":0,"footnotes":""},"categories":[],"tags":[],"class_list":["post-515","post","type-post","status-publish","format-standard","hentry"],"_links":{"self":[{"href":"http:\/\/www.wrv-rudern.de\/index.php?rest_route=\/wp\/v2\/posts\/515","targetHints":{"allow":["GET"]}}],"collection":[{"href":"http:\/\/www.wrv-rudern.de\/index.php?rest_route=\/wp\/v2\/posts"}],"about":[{"href":"http:\/\/www.wrv-rudern.de\/index.php?rest_route=\/wp\/v2\/types\/post"}],"author":[{"embeddable":true,"href":"http:\/\/www.wrv-rudern.de\/index.php?rest_route=\/wp\/v2\/users\/11"}],"replies":[{"embeddable":true,"href":"http:\/\/www.wrv-rudern.de\/index.php?rest_route=%2Fwp%2Fv2%2Fcomments&post=515"}],"version-history":[{"count":3,"href":"http:\/\/www.wrv-rudern.de\/index.php?rest_route=\/wp\/v2\/posts\/515\/revisions"}],"predecessor-version":[{"id":518,"href":"http:\/\/www.wrv-rudern.de\/index.php?rest_route=\/wp\/v2\/posts\/515\/revisions\/518"}],"wp:attachment":[{"href":"http:\/\/www.wrv-rudern.de\/index.php?rest_route=%2Fwp%2Fv2%2Fmedia&parent=515"}],"wp:term":[{"taxonomy":"category","embeddable":true,"href":"http:\/\/www.wrv-rudern.de\/index.php?rest_route=%2Fwp%2Fv2%2Fcategories&post=515"},{"taxonomy":"post_tag","embeddable":true,"href":"http:\/\/www.wrv-rudern.de\/index.php?rest_route=%2Fwp%2Fv2%2Ftags&post=515"}],"curies":[{"name":"wp","href":"https:\/\/api.w.org\/{rel}","templated":true}]}}