{"id":409,"date":"2007-04-23T22:50:27","date_gmt":"2007-04-23T22:50:27","guid":{"rendered":"http:\/\/www.wrv-laufsport.de\/projects\/wordpress\/?p=409"},"modified":"2010-11-06T15:58:51","modified_gmt":"2010-11-06T15:58:51","slug":"anrudern-2007","status":"publish","type":"post","link":"http:\/\/www.wrv-rudern.de\/?p=409","title":{"rendered":"Anrudern 2007"},"content":{"rendered":"<p><strong><\/strong>Bei herrlichen Sonnenschein traf sich die Wei\u00dfenfelser Ruderkameraden zu  ihrem traditionellen Anrudern. Weit \u00fcber 150 Personen waren gekommen. Der Stellvertretende Vorsitzende Ruderkamerad Ekkart G\u00fcnther er\u00f6ffnete  die Wasser- und Wettkampfsaison mit der Flaggenhissung und dem Ausruf  des WRV. In seiner Ansprache ging RK G\u00fcnther auf die bevorstehende  Wettkampfsaison mit den H\u00f6hepunkten Landesmeisterschaft und  Bundeswettbewerb ein. Er erinnerte noch einmal an die  Ruderweltmeisterschaft der Senioren in M\u00fcnchen und an das Vereinsfest am  8.September im Wei\u00dfenfelser Bootshaus. Aus seinen H\u00e4nden erhielten 12 neue Mitglieder ihre Veinsausweise. Der Vorsitzende des Kreissportbundes Arnd Peters \u00fcbergab an die  Ehrenpreise der Sportlerumfrage des Landkreises Wei\u00dfenfels an die Sieger  bester Nachwuchssportler und beste Nachwuchsmannschaft. Laura Ebisch  und Hannes J\u00e4nicke\/Martin Gro\u00dfmann sie erhielten die Ehrenpokale und  einen Siegerscheck. In diesem Rahmen wurden die \u00dcbungsleiter Mathias  Zahn , Eric B\u00f6necke und Ralf Warzecha mit der Ehrenplakette des  Kreissportbundes geehrte. RK Democh gratulierte Dagny und hnas Dieter B\u00f6chler zur Verm\u00e4hlung und  bedankte sich bei Rkin Agnes Zimmer und Vera Herre f\u00fcr die Erstellung  der ersten Ausgabe der Vereinszeitung 2007. 55 Ruderer nutzten das sch\u00f6n Wetter zur gemeinsamen Ausfahrt. Die vielen G\u00e4ste nutzten in der zwischen Zeit das Angebot des WRV auf  der Vereinswiese sich bei Kaffee und Kuchen einen sch\u00f6nen Nachmittag der  Sonne zugenie\u00dfen. Ein besonderen Dank an die flei\u00dfigen Frauen und besonderst an die  Organisatorin Rkin Petra Fergin.<\/p>\n<p>(Dagmar Ritter)<\/p>\n","protected":false},"excerpt":{"rendered":"<p>Bei herrlichen Sonnenschein traf sich die Wei\u00dfenfelser Ruderkameraden zu ihrem traditionellen Anrudern. Weit \u00fcber 150 Personen waren gekommen. Der Stellvertretende Vorsitzende Ruderkamerad Ekkart G\u00fcnther er\u00f6ffnete die Wasser- und Wettkampfsaison mit der Flaggenhissung und dem Ausruf des WRV. In seiner Ansprache ging RK G\u00fcnther auf die bevorstehende Wettkampfsaison mit den H\u00f6hepunkten Landesmeisterschaft und Bundeswettbewerb ein. Er [&hellip;]<\/p>\n","protected":false},"author":11,"featured_media":0,"comment_status":"open","ping_status":"open","sticky":false,"template":"","format":"standard","meta":{"ngg_post_thumbnail":0,"footnotes":""},"categories":[],"tags":[],"class_list":["post-409","post","type-post","status-publish","format-standard","hentry"],"_links":{"self":[{"href":"http:\/\/www.wrv-rudern.de\/index.php?rest_route=\/wp\/v2\/posts\/409","targetHints":{"allow":["GET"]}}],"collection":[{"href":"http:\/\/www.wrv-rudern.de\/index.php?rest_route=\/wp\/v2\/posts"}],"about":[{"href":"http:\/\/www.wrv-rudern.de\/index.php?rest_route=\/wp\/v2\/types\/post"}],"author":[{"embeddable":true,"href":"http:\/\/www.wrv-rudern.de\/index.php?rest_route=\/wp\/v2\/users\/11"}],"replies":[{"embeddable":true,"href":"http:\/\/www.wrv-rudern.de\/index.php?rest_route=%2Fwp%2Fv2%2Fcomments&post=409"}],"version-history":[{"count":2,"href":"http:\/\/www.wrv-rudern.de\/index.php?rest_route=\/wp\/v2\/posts\/409\/revisions"}],"predecessor-version":[{"id":699,"href":"http:\/\/www.wrv-rudern.de\/index.php?rest_route=\/wp\/v2\/posts\/409\/revisions\/699"}],"wp:attachment":[{"href":"http:\/\/www.wrv-rudern.de\/index.php?rest_route=%2Fwp%2Fv2%2Fmedia&parent=409"}],"wp:term":[{"taxonomy":"category","embeddable":true,"href":"http:\/\/www.wrv-rudern.de\/index.php?rest_route=%2Fwp%2Fv2%2Fcategories&post=409"},{"taxonomy":"post_tag","embeddable":true,"href":"http:\/\/www.wrv-rudern.de\/index.php?rest_route=%2Fwp%2Fv2%2Ftags&post=409"}],"curies":[{"name":"wp","href":"https:\/\/api.w.org\/{rel}","templated":true}]}}