{"id":399,"date":"2008-07-15T22:42:21","date_gmt":"2008-07-15T22:42:21","guid":{"rendered":"http:\/\/www.wrv-laufsport.de\/projects\/wordpress\/?p=399"},"modified":"2011-08-17T19:27:32","modified_gmt":"2011-08-17T19:27:32","slug":"qualifikation-ruder-wm-2008","status":"publish","type":"post","link":"http:\/\/www.wrv-rudern.de\/?p=399","title":{"rendered":"Qualifikation Ruder WM 2008"},"content":{"rendered":"<p><strong><\/strong>Nach hartem Kampf mit viel Arbeit und vielen Entberungen haben sich die Wei\u00dfenfelser Ruderer Christian Schreiber, Christoph Zimmermann und Michaela Schmidt ( alle drei trainieren im Leistungszentrum Halle) auch 2008 f\u00fcr die Ruder &#8211; Nationalmannschaft der jeweiligen Altersklasse qualifiziert.<br \/>\nAls ersten wird Christoph Zimmermann bei der U 23 Weltmeisterschaft an den Start gehen.<br \/>\nDiese Weltmeisterschaft findet vom 17.-20.Juli in Brandenburg Deutschland statt.<br \/>\nChristoph rudert im Riemenvierer mit Steuermann und wird von seinem Heimtrainer Klaus Ritter betreut.<br \/>\nViele Vereinsmitglieder des WRV werden die Gelegenheit nutzen an der WM im eigenen Land als Fan-Gruppe Vorort zu sein.<br \/>\nEin Wochenende sp\u00e4ter 22.-27.Juli startet in Linz- \u00d6sterreich die Junioren Weltmeisterschaft der Ruderer. Nach gro\u00dfen Verletzungssorgen schafft es Michael Schmidt, wie im vergangenen Jahr, sich auch in diesem Jahr f\u00fcr den Deutschland Achter der M\u00e4dchen Altersklasse 17 \u201318 zu qualifizieren.<br \/>\nAls letzter unserer Sportler und mit dem weitesten Weg wird Christian Schreiber die Deutschen- und Wei\u00dfenfelser Farben bei den Olympischen Spielen in Peking vertreten.<br \/>\nSein Wettkampf findet von 9.-17.8. auf der Regattastrecke in Beijing China statt.<br \/>\nDie ganze Saison \u00fcber ist Christian der Schlagmann des M\u00e4nner Doppelvierers und nach der Geburt seiner S\u00f6hne Karl- Johann und Richard m\u00f6chte er mit einer Olympischen Medaille nach Hause kommen.<br \/>\nChristian Schreiber hat als einzigsten Athlet des Burgenlandkreises die Nominierung zu den Olympischen Spielen erreicht.<br \/>\nWir w\u00fcnschen unserer Ruderer bei der WM und Olympiade \u201eRiemen und Dollenbruch\u201c.<\/p>\n","protected":false},"excerpt":{"rendered":"<p>Nach hartem Kampf mit viel Arbeit und vielen Entberungen haben sich die Wei\u00dfenfelser Ruderer Christian Schreiber, Christoph Zimmermann und Michaela Schmidt ( alle drei trainieren im Leistungszentrum Halle) auch 2008 f\u00fcr die Ruder &#8211; Nationalmannschaft der jeweiligen Altersklasse qualifiziert. Als ersten wird Christoph Zimmermann bei der U 23 Weltmeisterschaft an den Start gehen. Diese Weltmeisterschaft [&hellip;]<\/p>\n","protected":false},"author":11,"featured_media":0,"comment_status":"open","ping_status":"open","sticky":false,"template":"","format":"standard","meta":{"ngg_post_thumbnail":0,"footnotes":""},"categories":[7],"tags":[],"class_list":["post-399","post","type-post","status-publish","format-standard","hentry","category-7"],"_links":{"self":[{"href":"http:\/\/www.wrv-rudern.de\/index.php?rest_route=\/wp\/v2\/posts\/399","targetHints":{"allow":["GET"]}}],"collection":[{"href":"http:\/\/www.wrv-rudern.de\/index.php?rest_route=\/wp\/v2\/posts"}],"about":[{"href":"http:\/\/www.wrv-rudern.de\/index.php?rest_route=\/wp\/v2\/types\/post"}],"author":[{"embeddable":true,"href":"http:\/\/www.wrv-rudern.de\/index.php?rest_route=\/wp\/v2\/users\/11"}],"replies":[{"embeddable":true,"href":"http:\/\/www.wrv-rudern.de\/index.php?rest_route=%2Fwp%2Fv2%2Fcomments&post=399"}],"version-history":[{"count":3,"href":"http:\/\/www.wrv-rudern.de\/index.php?rest_route=\/wp\/v2\/posts\/399\/revisions"}],"predecessor-version":[{"id":1807,"href":"http:\/\/www.wrv-rudern.de\/index.php?rest_route=\/wp\/v2\/posts\/399\/revisions\/1807"}],"wp:attachment":[{"href":"http:\/\/www.wrv-rudern.de\/index.php?rest_route=%2Fwp%2Fv2%2Fmedia&parent=399"}],"wp:term":[{"taxonomy":"category","embeddable":true,"href":"http:\/\/www.wrv-rudern.de\/index.php?rest_route=%2Fwp%2Fv2%2Fcategories&post=399"},{"taxonomy":"post_tag","embeddable":true,"href":"http:\/\/www.wrv-rudern.de\/index.php?rest_route=%2Fwp%2Fv2%2Ftags&post=399"}],"curies":[{"name":"wp","href":"https:\/\/api.w.org\/{rel}","templated":true}]}}