{"id":11799,"date":"2025-03-24T11:39:45","date_gmt":"2025-03-24T10:39:45","guid":{"rendered":"http:\/\/www.wrv-rudern.de\/?p=11799"},"modified":"2025-03-25T19:35:46","modified_gmt":"2025-03-25T18:35:46","slug":"erfolgreich-die-wettkampfrichter-pruefung-absolviert","status":"publish","type":"post","link":"http:\/\/www.wrv-rudern.de\/?p=11799","title":{"rendered":"Erfolgreich die Wettkampfrichter-Pr\u00fcfung absolviert"},"content":{"rendered":"<p>Herzlichen Gl\u00fcckwunsch zur bestandenen Wettkampfrichter-Pr\u00fcfung!<\/p>\n<p>Mit der erfolgreich absolvierten Pr\u00fcfung von Karoline Tabel&nbsp; (Foto: dritte von links) verf\u00fcgt der WRV derzeit \u00fcber drei aktive Wettkampfrichter im Einsatz. Karoline Tabel erlernte das Rudern in Greifswald und zog im Jahr 2000 an die Saale. Kurz darauf trat sie dem WRV bei, wo wir sie f\u00fcr die Arbeit im Wettkampfwesen gewinnen konnten. Nach einem Jahr Anwartschaft legte Ruderkameradin Tabel im M\u00e4rz 2025 erfolgreich die Wettkampfrichter-Pr\u00fcfung ab. Damit wird der WRV k\u00fcnftig von Karoline Tabel, Laura Ebisch und Steffen Ludwig auf Regatten in Sachsen-Anhalt, Th\u00fcringen und Brandenburg vertreten.<\/p>\n\n\t\t<style type=\"text\/css\">\n\t\t\t#gallery-1 {\n\t\t\t\tmargin: auto;\n\t\t\t}\n\t\t\t#gallery-1 .gallery-item {\n\t\t\t\tfloat: left;\n\t\t\t\tmargin-top: 10px;\n\t\t\t\ttext-align: center;\n\t\t\t\twidth: 100%;\n\t\t\t}\n\t\t\t#gallery-1 img {\n\t\t\t\tborder: 2px solid #cfcfcf;\n\t\t\t}\n\t\t\t#gallery-1 .gallery-caption {\n\t\t\t\tmargin-left: 0;\n\t\t\t}\n\t\t\t\/* see gallery_shortcode() in wp-includes\/media.php *\/\n\t\t<\/style>\n\t\t<div id='gallery-1' class='gallery galleryid-11799 gallery-columns-1 gallery-size-thumbnail'><dl class='gallery-item'>\n\t\t\t<dt class='gallery-icon landscape'>\n\t\t\t\t<a href='http:\/\/www.wrv-rudern.de\/?attachment_id=11803'><img loading=\"lazy\" decoding=\"async\" width=\"150\" height=\"150\" src=\"http:\/\/www.wrv-rudern.de\/wp-content\/uploads\/2025\/03\/375acc6a-c8f7-47b8-ac98-d2a9adf60dd2-150x150.jpg\" class=\"attachment-thumbnail size-thumbnail\" alt=\"\" \/><\/a>\n\t\t\t<\/dt><\/dl><br style=\"clear: both\" \/>\n\t\t<\/div>\n\n","protected":false},"excerpt":{"rendered":"<p>Herzlichen Gl\u00fcckwunsch zur bestandenen Wettkampfrichter-Pr\u00fcfung! Mit der erfolgreich absolvierten Pr\u00fcfung von Karoline Tabel&nbsp; (Foto: dritte von links) verf\u00fcgt der WRV derzeit \u00fcber drei aktive Wettkampfrichter im Einsatz. Karoline Tabel erlernte das Rudern in Greifswald und zog im Jahr 2000 an die Saale. Kurz darauf trat sie dem WRV bei, wo wir sie f\u00fcr die Arbeit [&hellip;]<\/p>\n","protected":false},"author":11,"featured_media":0,"comment_status":"closed","ping_status":"open","sticky":false,"template":"","format":"standard","meta":{"ngg_post_thumbnail":0,"footnotes":""},"categories":[32],"tags":[],"class_list":["post-11799","post","type-post","status-publish","format-standard","hentry","category-32"],"_links":{"self":[{"href":"http:\/\/www.wrv-rudern.de\/index.php?rest_route=\/wp\/v2\/posts\/11799","targetHints":{"allow":["GET"]}}],"collection":[{"href":"http:\/\/www.wrv-rudern.de\/index.php?rest_route=\/wp\/v2\/posts"}],"about":[{"href":"http:\/\/www.wrv-rudern.de\/index.php?rest_route=\/wp\/v2\/types\/post"}],"author":[{"embeddable":true,"href":"http:\/\/www.wrv-rudern.de\/index.php?rest_route=\/wp\/v2\/users\/11"}],"replies":[{"embeddable":true,"href":"http:\/\/www.wrv-rudern.de\/index.php?rest_route=%2Fwp%2Fv2%2Fcomments&post=11799"}],"version-history":[{"count":5,"href":"http:\/\/www.wrv-rudern.de\/index.php?rest_route=\/wp\/v2\/posts\/11799\/revisions"}],"predecessor-version":[{"id":11805,"href":"http:\/\/www.wrv-rudern.de\/index.php?rest_route=\/wp\/v2\/posts\/11799\/revisions\/11805"}],"wp:attachment":[{"href":"http:\/\/www.wrv-rudern.de\/index.php?rest_route=%2Fwp%2Fv2%2Fmedia&parent=11799"}],"wp:term":[{"taxonomy":"category","embeddable":true,"href":"http:\/\/www.wrv-rudern.de\/index.php?rest_route=%2Fwp%2Fv2%2Fcategories&post=11799"},{"taxonomy":"post_tag","embeddable":true,"href":"http:\/\/www.wrv-rudern.de\/index.php?rest_route=%2Fwp%2Fv2%2Ftags&post=11799"}],"curies":[{"name":"wp","href":"https:\/\/api.w.org\/{rel}","templated":true}]}}